{"id":1517,"date":"2021-09-14T20:04:16","date_gmt":"2021-09-14T19:04:16","guid":{"rendered":"https:\/\/www.nntburnley.org\/?p=1517"},"modified":"2021-11-17T22:04:28","modified_gmt":"2021-11-17T22:04:28","slug":"welcoming-ann-laemmer-our-new-charity-manager-people-services","status":"publish","type":"post","link":"https:\/\/www.nntburnley.org\/ku\/2021\/09\/14\/welcoming-ann-laemmer-our-new-charity-manager-people-services\/","title":{"rendered":"Bix\u00earhatina r\u00eaveber\u00ea me y\u00ea x\u00earxwaziy\u00ea y\u00ea n\u00fb"},"content":{"rendered":"<p>Em pir k\u00eafxwe\u015f in ku Ann Laemmer di rola n\u00fb ya r\u00eavebir\u00ea x\u00earxwaziy\u00ea de - kar\u00fbbar\u00ean mirovan de p\u00ea\u015fwaz\u00ee dikin. Ann pir bi tecr\u00fbbe \u00fb j\u00eahat\u00ee ye ku di seranser\u00ea kariyera xwe de di v\u00ee war\u00ee de \u00fb di nav dever\u00ean wekhev de xebitiye. Ew di heman dem\u00ea de \u00e7ar sal\u00ean bor\u00ee de dilxwazek NNT ye.<\/p>\n\n\n\n<p>Em hem\u00fb li bend\u00ea ne ku bi Ann re ji n\u00eaz ve bixebitin dema ku ew kar\u00fbbar\u00ean mirov\u00ean NNT r\u00eave dibe \u00fb p\u00ea\u015f dixe, al\u00eekar\u00ee \u00fb pi\u015ftgir\u00ee dide hem\u00ee penaxwaz \u00fb penaber\u00ean ku digih\u00eejin bajar\u00ea me.<\/p>\n\n\n\n<p>Ann d\u00ea di demjim\u00ear\u00ean of\u00ees\u00ea de peyda bibe <strong>Du\u015fem, S\u00ea\u015fem<\/strong> \u00fb <strong>P\u00eanc\u015fem<\/strong> li <strong>07907 375 284<\/strong> \u00fb xebata me ya \u015f\u00eeret \u00fb par\u00eazvaniy\u00ea d\u00ea wek\u00ee ber\u00ea bidome - h\u00fbn dikarin v\u00ea hejmar\u00ea bikar b\u00eenin da ku randev\u00fbyek\u00ea veqet\u00eenin da ku werin \u00fb me li ser yek bib\u00eenin <strong>S\u00ea\u015fem<\/strong> an <strong>P\u00eanc\u015fem<\/strong>. Peyam\u00ean ne-lezg\u00een j\u00ee dikarin her dem li ser v\u00ea hejmar\u00ea b\u00eane hi\u015ftin.<\/p>\n\n\n\n<p><strong>Hejmara t\u00ealefon\u00ea ya n\u00fb ji bo hewcedariya lezg\u00een a ji demjim\u00earan<\/strong>s<br>Xetek t\u00ealefon\u00ea me ya n\u00fb heye ku ten\u00ea ji bo rew\u015f\u00ean awarte ye: <strong>07597 237475<\/strong>. Ji kerema xwe dema ku Ann ne amade be, ger hewcedariya we bi al\u00eekariya lezg\u00een hebe, v\u00ea yek\u00ea bikar b\u00eenin.<\/p>","protected":false},"excerpt":{"rendered":"<p>We are very happy to welcome Ann Laemmer into the new role of charity manager &#8211; people services. Ann is hugely experienced and well qualified having worked in this field and in similar settings throughout her career. She has also been an NNT volunteer for the past four years. We are all looking forward to [&hellip;]<\/p>\n","protected":false},"author":1,"featured_media":1518,"comment_status":"open","ping_status":"open","sticky":false,"template":"","format":"standard","meta":{"site-sidebar-layout":"default","site-content-layout":"default","ast-site-content-layout":"default","site-content-style":"default","site-sidebar-style":"default","ast-global-header-display":"","ast-banner-title-visibility":"","ast-main-header-display":"","ast-hfb-above-header-display":"","ast-hfb-below-header-display":"","ast-hfb-mobile-header-display":"","site-post-title":"","ast-breadcrumbs-content":"","ast-featured-img":"","footer-sml-layout":"","ast-disable-related-posts":"","theme-transparent-header-meta":"default","adv-header-id-meta":"","stick-header-meta":"","header-above-stick-meta":"","header-main-stick-meta":"","header-below-stick-meta":"","astra-migrate-meta-layouts":"default","ast-page-background-enabled":"default","ast-page-background-meta":{"desktop":{"background-color":"","background-image":"","background-repeat":"repeat","background-position":"center center","background-size":"auto","background-attachment":"scroll","background-type":"","background-media":"","overlay-type":"","overlay-color":"","overlay-opacity":"","overlay-gradient":""},"tablet":{"background-color":"","background-image":"","background-repeat":"repeat","background-position":"center center","background-size":"auto","background-attachment":"scroll","background-type":"","background-media":"","overlay-type":"","overlay-color":"","overlay-opacity":"","overlay-gradient":""},"mobile":{"background-color":"","background-image":"","background-repeat":"repeat","background-position":"center center","background-size":"auto","background-attachment":"scroll","background-type":"","background-media":"","overlay-type":"","overlay-color":"","overlay-opacity":"","overlay-gradient":""}},"ast-content-background-meta":{"desktop":{"background-color":"var(--ast-global-color-5)","background-image":"","background-repeat":"repeat","background-position":"center center","background-size":"auto","background-attachment":"scroll","background-type":"","background-media":"","overlay-type":"","overlay-color":"","overlay-opacity":"","overlay-gradient":""},"tablet":{"background-color":"var(--ast-global-color-5)","background-image":"","background-repeat":"repeat","background-position":"center center","background-size":"auto","background-attachment":"scroll","background-type":"","background-media":"","overlay-type":"","overlay-color":"","overlay-opacity":"","overlay-gradient":""},"mobile":{"background-color":"var(--ast-global-color-5)","background-image":"","background-repeat":"repeat","background-position":"center center","background-size":"auto","background-attachment":"scroll","background-type":"","background-media":"","overlay-type":"","overlay-color":"","overlay-opacity":"","overlay-gradient":""}},"footnotes":""},"categories":[1],"tags":[],"class_list":["post-1517","post","type-post","status-publish","format-standard","has-post-thumbnail","hentry","category-uncategorised"],"yoast_head":"<!-- This site is optimized with the Yoast SEO plugin v27.5 - https:\/\/yoast.com\/product\/yoast-seo-wordpress\/ -->\n<title>Welcoming our new charity manager - New Neighbours Together Burnley<\/title>\n<meta name=\"robots\" content=\"index, follow, max-snippet:-1, max-image-preview:large, max-video-preview:-1\" \/>\n<link rel=\"canonical\" href=\"https:\/\/www.nntburnley.org\/ku\/2021\/09\/14\/welcoming-ann-laemmer-our-new-charity-manager-people-services\/\" \/>\n<meta property=\"og:locale\" content=\"en_US\" \/>\n<meta property=\"og:type\" content=\"article\" \/>\n<meta property=\"og:title\" content=\"Welcoming our new charity manager - New Neighbours Together Burnley\" \/>\n<meta property=\"og:description\" content=\"We are very happy to welcome Ann Laemmer into the new role of charity manager &#8211; people services. Ann is hugely experienced and well qualified having worked in this field and in similar settings throughout her career. She has also been an NNT volunteer for the past four years. We are all looking forward to [&hellip;]\" \/>\n<meta property=\"og:url\" content=\"https:\/\/www.nntburnley.org\/ku\/2021\/09\/14\/welcoming-ann-laemmer-our-new-charity-manager-people-services\/\" \/>\n<meta property=\"og:site_name\" content=\"New Neighbours Together Burnley\" \/>\n<meta property=\"article:published_time\" content=\"2021-09-14T19:04:16+00:00\" \/>\n<meta property=\"article:modified_time\" content=\"2021-11-17T22:04:28+00:00\" \/>\n<meta property=\"og:image\" content=\"https:\/\/www.nntburnley.org\/wp-content\/uploads\/2021\/09\/Picture1.jpg\" \/>\n\t<meta property=\"og:image:width\" content=\"602\" \/>\n\t<meta property=\"og:image:height\" content=\"430\" \/>\n\t<meta property=\"og:image:type\" content=\"image\/jpeg\" \/>\n<meta name=\"author\" content=\"matt\" \/>\n<meta name=\"twitter:card\" content=\"summary_large_image\" \/>\n<meta name=\"twitter:label1\" content=\"Written by\" \/>\n\t<meta name=\"twitter:data1\" content=\"matt\" \/>\n\t<meta name=\"twitter:label2\" content=\"Est. reading time\" \/>\n\t<meta name=\"twitter:data2\" content=\"1 \u062e\u0648\u0644\u06d5\u06a9\" \/>\n<script type=\"application\/ld+json\" class=\"yoast-schema-graph\">{\"@context\":\"https:\\\/\\\/schema.org\",\"@graph\":[{\"@type\":\"Article\",\"@id\":\"https:\\\/\\\/www.nntburnley.org\\\/fa\\\/2021\\\/09\\\/14\\\/welcoming-ann-laemmer-our-new-charity-manager-people-services\\\/#article\",\"isPartOf\":{\"@id\":\"https:\\\/\\\/www.nntburnley.org\\\/fa\\\/2021\\\/09\\\/14\\\/welcoming-ann-laemmer-our-new-charity-manager-people-services\\\/\"},\"author\":{\"name\":\"matt\",\"@id\":\"https:\\\/\\\/www.nntburnley.org\\\/#\\\/schema\\\/person\\\/9fe91dbd8ae6b6a7d58d8bb1bf51d23a\"},\"headline\":\"Welcoming our new charity manager\",\"datePublished\":\"2021-09-14T19:04:16+00:00\",\"dateModified\":\"2021-11-17T22:04:28+00:00\",\"mainEntityOfPage\":{\"@id\":\"https:\\\/\\\/www.nntburnley.org\\\/fa\\\/2021\\\/09\\\/14\\\/welcoming-ann-laemmer-our-new-charity-manager-people-services\\\/\"},\"wordCount\":175,\"commentCount\":0,\"publisher\":{\"@id\":\"https:\\\/\\\/www.nntburnley.org\\\/#organization\"},\"image\":{\"@id\":\"https:\\\/\\\/www.nntburnley.org\\\/fa\\\/2021\\\/09\\\/14\\\/welcoming-ann-laemmer-our-new-charity-manager-people-services\\\/#primaryimage\"},\"thumbnailUrl\":\"https:\\\/\\\/www.nntburnley.org\\\/wp-content\\\/uploads\\\/2021\\\/09\\\/Picture1.jpg\",\"articleSection\":[\"Uncategorised\"],\"inLanguage\":\"ckb\",\"potentialAction\":[{\"@type\":\"CommentAction\",\"name\":\"Comment\",\"target\":[\"https:\\\/\\\/www.nntburnley.org\\\/fa\\\/2021\\\/09\\\/14\\\/welcoming-ann-laemmer-our-new-charity-manager-people-services\\\/#respond\"]}]},{\"@type\":\"WebPage\",\"@id\":\"https:\\\/\\\/www.nntburnley.org\\\/fa\\\/2021\\\/09\\\/14\\\/welcoming-ann-laemmer-our-new-charity-manager-people-services\\\/\",\"url\":\"https:\\\/\\\/www.nntburnley.org\\\/fa\\\/2021\\\/09\\\/14\\\/welcoming-ann-laemmer-our-new-charity-manager-people-services\\\/\",\"name\":\"Welcoming our new charity manager - New Neighbours Together Burnley\",\"isPartOf\":{\"@id\":\"https:\\\/\\\/www.nntburnley.org\\\/#website\"},\"primaryImageOfPage\":{\"@id\":\"https:\\\/\\\/www.nntburnley.org\\\/fa\\\/2021\\\/09\\\/14\\\/welcoming-ann-laemmer-our-new-charity-manager-people-services\\\/#primaryimage\"},\"image\":{\"@id\":\"https:\\\/\\\/www.nntburnley.org\\\/fa\\\/2021\\\/09\\\/14\\\/welcoming-ann-laemmer-our-new-charity-manager-people-services\\\/#primaryimage\"},\"thumbnailUrl\":\"https:\\\/\\\/www.nntburnley.org\\\/wp-content\\\/uploads\\\/2021\\\/09\\\/Picture1.jpg\",\"datePublished\":\"2021-09-14T19:04:16+00:00\",\"dateModified\":\"2021-11-17T22:04:28+00:00\",\"breadcrumb\":{\"@id\":\"https:\\\/\\\/www.nntburnley.org\\\/fa\\\/2021\\\/09\\\/14\\\/welcoming-ann-laemmer-our-new-charity-manager-people-services\\\/#breadcrumb\"},\"inLanguage\":\"ckb\",\"potentialAction\":[{\"@type\":\"ReadAction\",\"target\":[\"https:\\\/\\\/www.nntburnley.org\\\/fa\\\/2021\\\/09\\\/14\\\/welcoming-ann-laemmer-our-new-charity-manager-people-services\\\/\"]}]},{\"@type\":\"ImageObject\",\"inLanguage\":\"ckb\",\"@id\":\"https:\\\/\\\/www.nntburnley.org\\\/fa\\\/2021\\\/09\\\/14\\\/welcoming-ann-laemmer-our-new-charity-manager-people-services\\\/#primaryimage\",\"url\":\"https:\\\/\\\/www.nntburnley.org\\\/wp-content\\\/uploads\\\/2021\\\/09\\\/Picture1.jpg\",\"contentUrl\":\"https:\\\/\\\/www.nntburnley.org\\\/wp-content\\\/uploads\\\/2021\\\/09\\\/Picture1.jpg\",\"width\":602,\"height\":430},{\"@type\":\"BreadcrumbList\",\"@id\":\"https:\\\/\\\/www.nntburnley.org\\\/fa\\\/2021\\\/09\\\/14\\\/welcoming-ann-laemmer-our-new-charity-manager-people-services\\\/#breadcrumb\",\"itemListElement\":[{\"@type\":\"ListItem\",\"position\":1,\"name\":\"Home\",\"item\":\"https:\\\/\\\/www.nntburnley.org\\\/\"},{\"@type\":\"ListItem\",\"position\":2,\"name\":\"Welcoming our new charity manager\"}]},{\"@type\":\"WebSite\",\"@id\":\"https:\\\/\\\/www.nntburnley.org\\\/#website\",\"url\":\"https:\\\/\\\/www.nntburnley.org\\\/\",\"name\":\"New Neighbours Together Burnley\",\"description\":\"helping asylum seekers and refugees in Burnley\",\"publisher\":{\"@id\":\"https:\\\/\\\/www.nntburnley.org\\\/#organization\"},\"potentialAction\":[{\"@type\":\"SearchAction\",\"target\":{\"@type\":\"EntryPoint\",\"urlTemplate\":\"https:\\\/\\\/www.nntburnley.org\\\/?s={search_term_string}\"},\"query-input\":{\"@type\":\"PropertyValueSpecification\",\"valueRequired\":true,\"valueName\":\"search_term_string\"}}],\"inLanguage\":\"ckb\"},{\"@type\":\"Organization\",\"@id\":\"https:\\\/\\\/www.nntburnley.org\\\/#organization\",\"name\":\"New Neighbours Together Burnley\",\"url\":\"https:\\\/\\\/www.nntburnley.org\\\/\",\"logo\":{\"@type\":\"ImageObject\",\"inLanguage\":\"ckb\",\"@id\":\"https:\\\/\\\/www.nntburnley.org\\\/#\\\/schema\\\/logo\\\/image\\\/\",\"url\":\"https:\\\/\\\/www.nntburnley.org\\\/wp-content\\\/uploads\\\/2024\\\/06\\\/Chosen-Logo2.png\",\"contentUrl\":\"https:\\\/\\\/www.nntburnley.org\\\/wp-content\\\/uploads\\\/2024\\\/06\\\/Chosen-Logo2.png\",\"width\":1072,\"height\":1256,\"caption\":\"New Neighbours Together Burnley\"},\"image\":{\"@id\":\"https:\\\/\\\/www.nntburnley.org\\\/#\\\/schema\\\/logo\\\/image\\\/\"}},{\"@type\":\"Person\",\"@id\":\"https:\\\/\\\/www.nntburnley.org\\\/#\\\/schema\\\/person\\\/9fe91dbd8ae6b6a7d58d8bb1bf51d23a\",\"name\":\"matt\",\"image\":{\"@type\":\"ImageObject\",\"inLanguage\":\"ckb\",\"@id\":\"https:\\\/\\\/secure.gravatar.com\\\/avatar\\\/fd57a628185ffdb72c4db3356d814912cfb5142820c7ea8a1c4d97c27c0ec2fc?s=96&d=mm&r=g\",\"url\":\"https:\\\/\\\/secure.gravatar.com\\\/avatar\\\/fd57a628185ffdb72c4db3356d814912cfb5142820c7ea8a1c4d97c27c0ec2fc?s=96&d=mm&r=g\",\"contentUrl\":\"https:\\\/\\\/secure.gravatar.com\\\/avatar\\\/fd57a628185ffdb72c4db3356d814912cfb5142820c7ea8a1c4d97c27c0ec2fc?s=96&d=mm&r=g\",\"caption\":\"matt\"},\"sameAs\":[\"https:\\\/\\\/www.nntburnley.org\"],\"url\":\"https:\\\/\\\/www.nntburnley.org\\\/ku\\\/author\\\/matt\\\/\"}]}<\/script>\n<!-- \/ Yoast SEO plugin. -->","yoast_head_json":{"title":"P\u00ea\u015fwaziya r\u00eaveber\u00ea meya x\u00earxwaziya n\u00fb - New Neighbors Together Burnley","robots":{"index":"index","follow":"follow","max-snippet":"max-snippet:-1","max-image-preview":"max-image-preview:large","max-video-preview":"max-video-preview:-1"},"canonical":"https:\/\/www.nntburnley.org\/ku\/2021\/09\/14\/welcoming-ann-laemmer-our-new-charity-manager-people-services\/","og_locale":"en_US","og_type":"article","og_title":"Welcoming our new charity manager - New Neighbours Together Burnley","og_description":"We are very happy to welcome Ann Laemmer into the new role of charity manager &#8211; people services. Ann is hugely experienced and well qualified having worked in this field and in similar settings throughout her career. She has also been an NNT volunteer for the past four years. We are all looking forward to [&hellip;]","og_url":"https:\/\/www.nntburnley.org\/ku\/2021\/09\/14\/welcoming-ann-laemmer-our-new-charity-manager-people-services\/","og_site_name":"New Neighbours Together Burnley","article_published_time":"2021-09-14T19:04:16+00:00","article_modified_time":"2021-11-17T22:04:28+00:00","og_image":[{"width":602,"height":430,"url":"https:\/\/www.nntburnley.org\/wp-content\/uploads\/2021\/09\/Picture1.jpg","type":"image\/jpeg"}],"author":"matt","twitter_card":"summary_large_image","twitter_misc":{"Written by":"matt","Est. reading time":"1 \u062e\u0648\u0644\u06d5\u06a9"},"schema":{"@context":"https:\/\/schema.org","@graph":[{"@type":"Article","@id":"https:\/\/www.nntburnley.org\/fa\/2021\/09\/14\/welcoming-ann-laemmer-our-new-charity-manager-people-services\/#article","isPartOf":{"@id":"https:\/\/www.nntburnley.org\/fa\/2021\/09\/14\/welcoming-ann-laemmer-our-new-charity-manager-people-services\/"},"author":{"name":"matt","@id":"https:\/\/www.nntburnley.org\/#\/schema\/person\/9fe91dbd8ae6b6a7d58d8bb1bf51d23a"},"headline":"Welcoming our new charity manager","datePublished":"2021-09-14T19:04:16+00:00","dateModified":"2021-11-17T22:04:28+00:00","mainEntityOfPage":{"@id":"https:\/\/www.nntburnley.org\/fa\/2021\/09\/14\/welcoming-ann-laemmer-our-new-charity-manager-people-services\/"},"wordCount":175,"commentCount":0,"publisher":{"@id":"https:\/\/www.nntburnley.org\/#organization"},"image":{"@id":"https:\/\/www.nntburnley.org\/fa\/2021\/09\/14\/welcoming-ann-laemmer-our-new-charity-manager-people-services\/#primaryimage"},"thumbnailUrl":"https:\/\/www.nntburnley.org\/wp-content\/uploads\/2021\/09\/Picture1.jpg","articleSection":["Uncategorised"],"inLanguage":"ckb","potentialAction":[{"@type":"CommentAction","name":"Comment","target":["https:\/\/www.nntburnley.org\/fa\/2021\/09\/14\/welcoming-ann-laemmer-our-new-charity-manager-people-services\/#respond"]}]},{"@type":"WebPage","@id":"https:\/\/www.nntburnley.org\/fa\/2021\/09\/14\/welcoming-ann-laemmer-our-new-charity-manager-people-services\/","url":"https:\/\/www.nntburnley.org\/fa\/2021\/09\/14\/welcoming-ann-laemmer-our-new-charity-manager-people-services\/","name":"P\u00ea\u015fwaziya r\u00eaveber\u00ea meya x\u00earxwaziya n\u00fb - New Neighbors Together Burnley","isPartOf":{"@id":"https:\/\/www.nntburnley.org\/#website"},"primaryImageOfPage":{"@id":"https:\/\/www.nntburnley.org\/fa\/2021\/09\/14\/welcoming-ann-laemmer-our-new-charity-manager-people-services\/#primaryimage"},"image":{"@id":"https:\/\/www.nntburnley.org\/fa\/2021\/09\/14\/welcoming-ann-laemmer-our-new-charity-manager-people-services\/#primaryimage"},"thumbnailUrl":"https:\/\/www.nntburnley.org\/wp-content\/uploads\/2021\/09\/Picture1.jpg","datePublished":"2021-09-14T19:04:16+00:00","dateModified":"2021-11-17T22:04:28+00:00","breadcrumb":{"@id":"https:\/\/www.nntburnley.org\/fa\/2021\/09\/14\/welcoming-ann-laemmer-our-new-charity-manager-people-services\/#breadcrumb"},"inLanguage":"ckb","potentialAction":[{"@type":"ReadAction","target":["https:\/\/www.nntburnley.org\/fa\/2021\/09\/14\/welcoming-ann-laemmer-our-new-charity-manager-people-services\/"]}]},{"@type":"ImageObject","inLanguage":"ckb","@id":"https:\/\/www.nntburnley.org\/fa\/2021\/09\/14\/welcoming-ann-laemmer-our-new-charity-manager-people-services\/#primaryimage","url":"https:\/\/www.nntburnley.org\/wp-content\/uploads\/2021\/09\/Picture1.jpg","contentUrl":"https:\/\/www.nntburnley.org\/wp-content\/uploads\/2021\/09\/Picture1.jpg","width":602,"height":430},{"@type":"BreadcrumbList","@id":"https:\/\/www.nntburnley.org\/fa\/2021\/09\/14\/welcoming-ann-laemmer-our-new-charity-manager-people-services\/#breadcrumb","itemListElement":[{"@type":"ListItem","position":1,"name":"Home","item":"https:\/\/www.nntburnley.org\/"},{"@type":"ListItem","position":2,"name":"Welcoming our new charity manager"}]},{"@type":"WebSite","@id":"https:\/\/www.nntburnley.org\/#website","url":"https:\/\/www.nntburnley.org\/","name":"C\u00eeran\u00ean N\u00fb Bi hev re Burnley","description":"al\u00eekariya penaxwaz \u00fb penaber\u00ean li Burnley","publisher":{"@id":"https:\/\/www.nntburnley.org\/#organization"},"potentialAction":[{"@type":"SearchAction","target":{"@type":"EntryPoint","urlTemplate":"https:\/\/www.nntburnley.org\/?s={search_term_string}"},"query-input":{"@type":"PropertyValueSpecification","valueRequired":true,"valueName":"search_term_string"}}],"inLanguage":"ckb"},{"@type":"Organization","@id":"https:\/\/www.nntburnley.org\/#organization","name":"C\u00eeran\u00ean N\u00fb Bi hev re Burnley","url":"https:\/\/www.nntburnley.org\/","logo":{"@type":"ImageObject","inLanguage":"ckb","@id":"https:\/\/www.nntburnley.org\/#\/schema\/logo\/image\/","url":"https:\/\/www.nntburnley.org\/wp-content\/uploads\/2024\/06\/Chosen-Logo2.png","contentUrl":"https:\/\/www.nntburnley.org\/wp-content\/uploads\/2024\/06\/Chosen-Logo2.png","width":1072,"height":1256,"caption":"New Neighbours Together Burnley"},"image":{"@id":"https:\/\/www.nntburnley.org\/#\/schema\/logo\/image\/"}},{"@type":"Person","@id":"https:\/\/www.nntburnley.org\/#\/schema\/person\/9fe91dbd8ae6b6a7d58d8bb1bf51d23a","name":"matt","image":{"@type":"ImageObject","inLanguage":"ckb","@id":"https:\/\/secure.gravatar.com\/avatar\/fd57a628185ffdb72c4db3356d814912cfb5142820c7ea8a1c4d97c27c0ec2fc?s=96&d=mm&r=g","url":"https:\/\/secure.gravatar.com\/avatar\/fd57a628185ffdb72c4db3356d814912cfb5142820c7ea8a1c4d97c27c0ec2fc?s=96&d=mm&r=g","contentUrl":"https:\/\/secure.gravatar.com\/avatar\/fd57a628185ffdb72c4db3356d814912cfb5142820c7ea8a1c4d97c27c0ec2fc?s=96&d=mm&r=g","caption":"matt"},"sameAs":["https:\/\/www.nntburnley.org"],"url":"https:\/\/www.nntburnley.org\/ku\/author\/matt\/"}]}},"_links":{"self":[{"href":"https:\/\/www.nntburnley.org\/ku\/wp-json\/wp\/v2\/posts\/1517","targetHints":{"allow":["GET"]}}],"collection":[{"href":"https:\/\/www.nntburnley.org\/ku\/wp-json\/wp\/v2\/posts"}],"about":[{"href":"https:\/\/www.nntburnley.org\/ku\/wp-json\/wp\/v2\/types\/post"}],"author":[{"embeddable":true,"href":"https:\/\/www.nntburnley.org\/ku\/wp-json\/wp\/v2\/users\/1"}],"replies":[{"embeddable":true,"href":"https:\/\/www.nntburnley.org\/ku\/wp-json\/wp\/v2\/comments?post=1517"}],"version-history":[{"count":2,"href":"https:\/\/www.nntburnley.org\/ku\/wp-json\/wp\/v2\/posts\/1517\/revisions"}],"predecessor-version":[{"id":1717,"href":"https:\/\/www.nntburnley.org\/ku\/wp-json\/wp\/v2\/posts\/1517\/revisions\/1717"}],"wp:featuredmedia":[{"embeddable":true,"href":"https:\/\/www.nntburnley.org\/ku\/wp-json\/wp\/v2\/media\/1518"}],"wp:attachment":[{"href":"https:\/\/www.nntburnley.org\/ku\/wp-json\/wp\/v2\/media?parent=1517"}],"wp:term":[{"taxonomy":"category","embeddable":true,"href":"https:\/\/www.nntburnley.org\/ku\/wp-json\/wp\/v2\/categories?post=1517"},{"taxonomy":"post_tag","embeddable":true,"href":"https:\/\/www.nntburnley.org\/ku\/wp-json\/wp\/v2\/tags?post=1517"}],"curies":[{"name":"wp","href":"https:\/\/api.w.org\/{rel}","templated":true}]}}